{"id":2726,"date":"2026-09-01T05:23:35","date_gmt":"2026-09-01T08:23:35","guid":{"rendered":"https:\/\/ritacruz.pro.br\/?p=2726"},"modified":"2026-09-01T14:24:17","modified_gmt":"2026-09-01T17:24:17","slug":"hoje-2","status":"publish","type":"post","link":"https:\/\/ritacruz.pro.br\/?p=2726","title":{"rendered":"dia um"},"content":{"rendered":"<p>Hoje, o meu peso aumentou cem gramas, mas eu n\u00e3o estou preocupada, pois essas varia\u00e7\u00f5es s\u00e3o normais. Amanheceu chovendo, e eu acordei com um pouco de pregui\u00e7a, mas tomei um banho e passei um hidratante muito fragrante, o que sempre me anima um pouco. A Belinha dormiu comigo, ela \u00e9 muito fofinha, mas vive me mordendo quando n\u00e3o quer mais carinho. Ela morde pra valer, n\u00e3o tem muita no\u00e7\u00e3o da for\u00e7a que tem. Estou com muita saudade do Caetano, o gato que foi o grande amor da minha vida, acho que ele iria gostar muito da Belinha e vice-versa. Fiz a minha vitamina proteica de gr\u00e3o-de-bico, lentilhas, abacate, banana, ma\u00e7\u00e3, leite de soja e r\u00facula, coloquei nos potinhos do lanche, e ficou muito bom. No caf\u00e9, comi com uma fatia de p\u00e3o integral e pat\u00ea de berinjela. Tamb\u00e9m tomei nos lanches da manh\u00e3, da tarde e no almo\u00e7o. Agora, eu quero consertar a minha paneteira para voltar a fazer p\u00e3o integral caseiro, o que seria mais um avan\u00e7o em dire\u00e7\u00e3o a deixar os ultraprocessados. Pela manh\u00e3 e na hora do almo\u00e7o, estava chovendo, e eu fiquei com os p\u00e9s molhados dentro do t\u00eanis. Ontem, eu dei um rel\u00f3gio digital para um aluno autista, eu gosto muito dele e ele gosta muito de mim. Ele ficou radiante, e eu fiquei muito feliz. Tenho oito provas para fazer essa semana dos meus cursos de filosofia e de sociologia, vamos ver. Estudar, eu estudei, mas n\u00e3o sei se foi o suficiente. Ando trabalhando bastante, nossa. Tanto em casa quanto no meu trabalho. Quero encontrar uma forma poss\u00edvel de caminhar, fazer muscula\u00e7\u00e3o, alimentar-me melhor e dormir bem dentro da vida que tenho, n\u00e3o esperar uma vida perfeita para come\u00e7ar. Quero envelhecer com for\u00e7a, autonomia e curiosidade. Quero chegar aos 100 anos, mas sem deixar para depois a vida que desejo viver agora.<\/p>\n","protected":false},"excerpt":{"rendered":"<p>Hoje, o meu peso aumentou cem gramas, mas eu n\u00e3o estou preocupada, pois essas varia\u00e7\u00f5es s\u00e3o normais. Amanheceu chovendo, e eu acordei com um pouco de pregui\u00e7a, mas tomei um banho e passei um hidratante muito fragrante, o que sempre me anima um pouco. A Belinha dormiu comigo, ela \u00e9 muito fofinha, mas vive me mordendo quando n\u00e3o quer mais carinho. Ela morde pra valer, n\u00e3o tem muita no\u00e7\u00e3o da for\u00e7a que tem. Estou com muita saudade do Caetano, o gato que foi o grande amor da minha vida, acho que ele iria gostar muito da Belinha e vice-versa. Fiz a minha vitamina proteica de gr\u00e3o-de-bico, lentilhas, abacate, banana, ma\u00e7\u00e3, leite de soja e r\u00facula, coloquei nos potinhos do lanche, e ficou muito bom. No caf\u00e9, comi com uma fatia de p\u00e3o integral e pat\u00ea de berinjela. Tamb\u00e9m tomei nos lanches da manh\u00e3, da tarde e no almo\u00e7o. Agora, eu quero consertar a minha paneteira para voltar a fazer p\u00e3o integral caseiro, o que seria mais um avan\u00e7o em dire\u00e7\u00e3o a deixar os ultraprocessados. Pela manh\u00e3 e na hora do almo\u00e7o, estava chovendo, e eu fiquei com os p\u00e9s molhados dentro do t\u00eanis. Ontem, eu dei um rel\u00f3gio digital para um aluno autista, eu gosto muito dele e ele gosta muito de mim. Ele ficou radiante, e eu fiquei muito feliz. Tenho oito provas para fazer essa semana dos meus cursos de filosofia e de sociologia, vamos ver. Estudar, eu estudei, mas n\u00e3o sei se foi o suficiente. Ando trabalhando bastante, nossa. Tanto em casa quanto no meu trabalho. Quero encontrar uma forma poss\u00edvel de caminhar, fazer muscula\u00e7\u00e3o, alimentar-me melhor e dormir bem dentro da vida que tenho, n\u00e3o esperar uma vida perfeita para come\u00e7ar. Quero envelhecer com for\u00e7a, autonomia e curiosidade. Quero chegar aos 100 anos, mas sem deixar para depois a vida que desejo viver agora.<\/p>\n","protected":false},"author":1,"featured_media":0,"comment_status":"closed","ping_status":"closed","sticky":false,"template":"","format":"standard","meta":{"footnotes":""},"categories":[12],"tags":[],"class_list":["post-2726","post","type-post","status-publish","format-standard","hentry","category-projeto-cem-anos"],"_links":{"self":[{"href":"https:\/\/ritacruz.pro.br\/index.php?rest_route=\/wp\/v2\/posts\/2726","targetHints":{"allow":["GET"]}}],"collection":[{"href":"https:\/\/ritacruz.pro.br\/index.php?rest_route=\/wp\/v2\/posts"}],"about":[{"href":"https:\/\/ritacruz.pro.br\/index.php?rest_route=\/wp\/v2\/types\/post"}],"author":[{"embeddable":true,"href":"https:\/\/ritacruz.pro.br\/index.php?rest_route=\/wp\/v2\/users\/1"}],"replies":[{"embeddable":true,"href":"https:\/\/ritacruz.pro.br\/index.php?rest_route=%2Fwp%2Fv2%2Fcomments&post=2726"}],"version-history":[{"count":12,"href":"https:\/\/ritacruz.pro.br\/index.php?rest_route=\/wp\/v2\/posts\/2726\/revisions"}],"predecessor-version":[{"id":2743,"href":"https:\/\/ritacruz.pro.br\/index.php?rest_route=\/wp\/v2\/posts\/2726\/revisions\/2743"}],"wp:attachment":[{"href":"https:\/\/ritacruz.pro.br\/index.php?rest_route=%2Fwp%2Fv2%2Fmedia&parent=2726"}],"wp:term":[{"taxonomy":"category","embeddable":true,"href":"https:\/\/ritacruz.pro.br\/index.php?rest_route=%2Fwp%2Fv2%2Fcategories&post=2726"},{"taxonomy":"post_tag","embeddable":true,"href":"https:\/\/ritacruz.pro.br\/index.php?rest_route=%2Fwp%2Fv2%2Ftags&post=2726"}],"curies":[{"name":"wp","href":"https:\/\/api.w.org\/{rel}","templated":true}]}}