{"id":2701,"date":"2026-08-30T18:02:56","date_gmt":"2026-08-30T21:02:56","guid":{"rendered":"https:\/\/ritacruz.pro.br\/?p=2701"},"modified":"2026-08-30T18:45:57","modified_gmt":"2026-08-30T21:45:57","slug":"descansei","status":"publish","type":"post","link":"https:\/\/ritacruz.pro.br\/?p=2701","title":{"rendered":"descansei"},"content":{"rendered":"<p>Hoje, teoricamente, eu teria de trabalhar em casa, mas decidi aproveitar o final de semana para descansar. Posso fazer amanh\u00e3 o que eu tenho para fazer, pois descansar tamb\u00e9m \u00e9 muito importante. Cozinhei os meus gr\u00e3os, lavei a lou\u00e7a e vou dormir \u00e0s 18h da tarde. A minha m\u00e3e n\u00e3o comeu quase nada o dia todo, dormiu todo o tempo, est\u00e1 fatigada novamente. N\u00e3o quer nem ouvir falar em comida. A quimioterapia foi na sexta-feira. Era de se esperar que ela se sentisse assim nos primeiros dias. Coitadinha. Eu senti mais fome por causa da muscula\u00e7\u00e3o, mas me alimentei de forma muito saud\u00e1vel. Reativei o meu <a href=\"https:\/\/instagram.com\/ritacruzpsic\">instagram<\/a>, mas aquele \u00e9 um mundo muito diferente do meu. Eu, por exemplo, s\u00f3 me maquiei uma vez na vida. N\u00e3o consigo pensar que estou entupindo os meus poros com aqueles produtos de maquiagem. S\u00f3 uso sabonete, hidratante e protetor solar. N\u00e3o ligo muito para a minha apar\u00eancia, prefiro sempre estar ao natural, cuidando para que a sa\u00fade e a beleza venham de dentro para fora. Bem, boa noite, at\u00e9 amanh\u00e3, vou dormir com as minhas gatas.<\/p>\n","protected":false},"excerpt":{"rendered":"<p>Hoje, teoricamente, eu teria de trabalhar em casa, mas decidi aproveitar o final de semana para descansar. Posso fazer amanh\u00e3 o que eu tenho para fazer, pois descansar tamb\u00e9m \u00e9 muito importante. Cozinhei os meus gr\u00e3os, lavei a lou\u00e7a e vou dormir \u00e0s 18h da tarde. A minha m\u00e3e n\u00e3o comeu quase nada o dia todo, dormiu todo o tempo, est\u00e1 fatigada novamente. N\u00e3o quer nem ouvir falar em comida. A quimioterapia foi na sexta-feira. Era de se esperar que ela se sentisse assim nos primeiros dias. Coitadinha. Eu senti mais fome por causa da muscula\u00e7\u00e3o, mas me alimentei de forma muito saud\u00e1vel. Reativei o meu instagram, mas aquele \u00e9 um mundo muito diferente do meu. Eu, por exemplo, s\u00f3 me maquiei uma vez na vida. N\u00e3o consigo pensar que estou entupindo os meus poros com aqueles produtos de maquiagem. S\u00f3 uso sabonete, hidratante e protetor solar. N\u00e3o ligo muito para a minha apar\u00eancia, prefiro sempre estar ao natural, cuidando para que a sa\u00fade e a beleza venham de dentro para fora. Bem, boa noite, at\u00e9 amanh\u00e3, vou dormir com as minhas gatas.<\/p>\n","protected":false},"author":1,"featured_media":0,"comment_status":"closed","ping_status":"closed","sticky":false,"template":"","format":"standard","meta":{"footnotes":""},"categories":[12],"tags":[],"class_list":["post-2701","post","type-post","status-publish","format-standard","hentry","category-projeto-cem-anos"],"_links":{"self":[{"href":"https:\/\/ritacruz.pro.br\/index.php?rest_route=\/wp\/v2\/posts\/2701","targetHints":{"allow":["GET"]}}],"collection":[{"href":"https:\/\/ritacruz.pro.br\/index.php?rest_route=\/wp\/v2\/posts"}],"about":[{"href":"https:\/\/ritacruz.pro.br\/index.php?rest_route=\/wp\/v2\/types\/post"}],"author":[{"embeddable":true,"href":"https:\/\/ritacruz.pro.br\/index.php?rest_route=\/wp\/v2\/users\/1"}],"replies":[{"embeddable":true,"href":"https:\/\/ritacruz.pro.br\/index.php?rest_route=%2Fwp%2Fv2%2Fcomments&post=2701"}],"version-history":[{"count":5,"href":"https:\/\/ritacruz.pro.br\/index.php?rest_route=\/wp\/v2\/posts\/2701\/revisions"}],"predecessor-version":[{"id":2708,"href":"https:\/\/ritacruz.pro.br\/index.php?rest_route=\/wp\/v2\/posts\/2701\/revisions\/2708"}],"wp:attachment":[{"href":"https:\/\/ritacruz.pro.br\/index.php?rest_route=%2Fwp%2Fv2%2Fmedia&parent=2701"}],"wp:term":[{"taxonomy":"category","embeddable":true,"href":"https:\/\/ritacruz.pro.br\/index.php?rest_route=%2Fwp%2Fv2%2Fcategories&post=2701"},{"taxonomy":"post_tag","embeddable":true,"href":"https:\/\/ritacruz.pro.br\/index.php?rest_route=%2Fwp%2Fv2%2Ftags&post=2701"}],"curies":[{"name":"wp","href":"https:\/\/api.w.org\/{rel}","templated":true}]}}