{"id":2620,"date":"2026-08-29T15:38:06","date_gmt":"2026-08-29T18:38:06","guid":{"rendered":"https:\/\/ritacruz.pro.br\/?p=2620"},"modified":"2026-08-29T19:57:26","modified_gmt":"2026-08-29T22:57:26","slug":"alura","status":"publish","type":"post","link":"https:\/\/ritacruz.pro.br\/?p=2620","title":{"rendered":"aprimorando-me"},"content":{"rendered":"<p>Minha m\u00e3e fez almo\u00e7o, almo\u00e7ou bem, e depois fez um caf\u00e9, o que indica estar bem melhor do que anteontem. Fiquei muito feliz de v\u00ea-la mais esperta. Minha m\u00e3e \u00e9 uma pessoa muito ativa, n\u00e3o existe pregui\u00e7a no seu vocabul\u00e1rio, ent\u00e3o, quando a vejo acamada, fico preocupada, pois significa que ela est\u00e1 muito debilitada. Amanh\u00e3, eu vou trabalhar, mas hoje eu estou terminando um curso da Alura sobre produ\u00e7\u00e3o de conte\u00fado, pois se relaciona \u00e0 vaga de t\u00e9cnica curricular. Gosto de ficar deitada na minha cama, com as pernas dobradas, o notebook no colo, assistindo \u00e0s videoaulas e fazendo os exerc\u00edcios ou deitada de lado, lendo livros de literatura, com as minhas gatas por perto.<\/p>\n<blockquote><p>Cuidar da sa\u00fade mental n\u00e3o significa apenas diminuir o sofrimento atual. Significa tamb\u00e9m desenvolver recursos para atravessar mudan\u00e7as, perdas, conflitos e recome\u00e7os. Viver muitos anos \u00e9 uma possibilidade. Construir condi\u00e7\u00f5es psicol\u00f3gicas para viver bem esses anos \u00e9 um projeto.<\/p><\/blockquote>\n","protected":false},"excerpt":{"rendered":"<p>Minha m\u00e3e fez almo\u00e7o, almo\u00e7ou bem, e depois fez um caf\u00e9, o que indica estar bem melhor do que anteontem. Fiquei muito feliz de v\u00ea-la mais esperta. Minha m\u00e3e \u00e9 uma pessoa muito ativa, n\u00e3o existe pregui\u00e7a no seu vocabul\u00e1rio, ent\u00e3o, quando a vejo acamada, fico preocupada, pois significa que ela est\u00e1 muito debilitada. Amanh\u00e3, eu vou trabalhar, mas hoje eu estou terminando um curso da Alura sobre produ\u00e7\u00e3o de conte\u00fado, pois se relaciona \u00e0 vaga de t\u00e9cnica curricular. Gosto de ficar deitada na minha cama, com as pernas dobradas, o notebook no colo, assistindo \u00e0s videoaulas e fazendo os exerc\u00edcios ou deitada de lado, lendo livros de literatura, com as minhas gatas por perto. Cuidar da sa\u00fade mental n\u00e3o significa apenas diminuir o sofrimento atual. Significa tamb\u00e9m desenvolver recursos para atravessar mudan\u00e7as, perdas, conflitos e recome\u00e7os. Viver muitos anos \u00e9 uma possibilidade. Construir condi\u00e7\u00f5es psicol\u00f3gicas para viver bem esses anos \u00e9 um projeto.<\/p>\n","protected":false},"author":1,"featured_media":0,"comment_status":"closed","ping_status":"closed","sticky":false,"template":"","format":"standard","meta":{"footnotes":""},"categories":[12],"tags":[],"class_list":["post-2620","post","type-post","status-publish","format-standard","hentry","category-projeto-cem-anos"],"_links":{"self":[{"href":"https:\/\/ritacruz.pro.br\/index.php?rest_route=\/wp\/v2\/posts\/2620","targetHints":{"allow":["GET"]}}],"collection":[{"href":"https:\/\/ritacruz.pro.br\/index.php?rest_route=\/wp\/v2\/posts"}],"about":[{"href":"https:\/\/ritacruz.pro.br\/index.php?rest_route=\/wp\/v2\/types\/post"}],"author":[{"embeddable":true,"href":"https:\/\/ritacruz.pro.br\/index.php?rest_route=\/wp\/v2\/users\/1"}],"replies":[{"embeddable":true,"href":"https:\/\/ritacruz.pro.br\/index.php?rest_route=%2Fwp%2Fv2%2Fcomments&post=2620"}],"version-history":[{"count":4,"href":"https:\/\/ritacruz.pro.br\/index.php?rest_route=\/wp\/v2\/posts\/2620\/revisions"}],"predecessor-version":[{"id":2626,"href":"https:\/\/ritacruz.pro.br\/index.php?rest_route=\/wp\/v2\/posts\/2620\/revisions\/2626"}],"wp:attachment":[{"href":"https:\/\/ritacruz.pro.br\/index.php?rest_route=%2Fwp%2Fv2%2Fmedia&parent=2620"}],"wp:term":[{"taxonomy":"category","embeddable":true,"href":"https:\/\/ritacruz.pro.br\/index.php?rest_route=%2Fwp%2Fv2%2Fcategories&post=2620"},{"taxonomy":"post_tag","embeddable":true,"href":"https:\/\/ritacruz.pro.br\/index.php?rest_route=%2Fwp%2Fv2%2Ftags&post=2620"}],"curies":[{"name":"wp","href":"https:\/\/api.w.org\/{rel}","templated":true}]}}