{"id":2606,"date":"2026-08-29T09:41:37","date_gmt":"2026-08-29T12:41:37","guid":{"rendered":"https:\/\/ritacruz.pro.br\/?p=2606"},"modified":"2026-08-29T19:58:50","modified_gmt":"2026-08-29T22:58:50","slug":"sabado","status":"publish","type":"post","link":"https:\/\/ritacruz.pro.br\/?p=2606","title":{"rendered":"s\u00e1bado"},"content":{"rendered":"<p>Eram oito horas da manh\u00e3, e eu j\u00e1 tinha limpado a casa; al\u00e9m disso, minha m\u00e3e estava se sentindo bem, ao passo que fui \u00e0 academia, finalmente. Fiz uma hora de esteira. Para quem quer viver mais cinquenta anos, isso foi quase nada: um bom investimento no futuro. Antes de ir, fiz a minha vitamina proteica, contendo: ervilhas, lentilhas, gr\u00e3o-de-bico, couve, manga e ado\u00e7ante 100% stevia. Ficou um gostinho suave muito bom. Vou aproveitar o final de semana para comer muitos vegetais: sucos verdes, vitaminas de gr\u00e3os e para ir \u00e0 academia. Ah! Ontem, fiz minha inscri\u00e7\u00e3o para trabalhar como t\u00e9cnica curricular, um processo seletivo interno no governo do estado. Se eu for chamada, trabalharei na Rep\u00fablica, vamos ver se consigo. De qualquer modo, vou iniciar mais uma p\u00f3s-gradua\u00e7\u00e3o em gest\u00e3o escolar para quando houver uma oportunidade. Tamb\u00e9m prestarei o concurso do estado para Professora de Atendimento Especializado &#8211; AEE, quando sair. Atualmente, eu sou professora efetiva de L\u00edngua Portuguesa. Eu teria de fazer um outro est\u00e1gio probat\u00f3rio, mas compensaria mesmo assim. Eu levo muito jeito com os estudantes eleg\u00edveis para a educa\u00e7\u00e3o especial, e eles gostam muito de mim. Al\u00e9m disso, meu sonho \u00e9 trabalhar 25 horas e poder fazer o mestrado e o doutorado, \u00e0 tarde.<\/p>\n<blockquote><p>Longevidade n\u00e3o come\u00e7a quando envelhecemos. Come\u00e7a nas escolhas que fazemos enquanto ainda temos tempo para escolher. Os v\u00ednculos que cultivamos, a maneira como trabalhamos, cuidamos da mente e damos sentido aos dias tamb\u00e9m est\u00e3o construindo a pessoa que seremos daqui a d\u00e9cadas.<\/p><\/blockquote>\n","protected":false},"excerpt":{"rendered":"<p>Eram oito horas da manh\u00e3, e eu j\u00e1 tinha limpado a casa; al\u00e9m disso, minha m\u00e3e estava se sentindo bem, ao passo que fui \u00e0 academia, finalmente. Fiz uma hora de esteira. Para quem quer viver mais cinquenta anos, isso foi quase nada: um bom investimento no futuro. Antes de ir, fiz a minha vitamina proteica, contendo: ervilhas, lentilhas, gr\u00e3o-de-bico, couve, manga e ado\u00e7ante 100% stevia. Ficou um gostinho suave muito bom. Vou aproveitar o final de semana para comer muitos vegetais: sucos verdes, vitaminas de gr\u00e3os e para ir \u00e0 academia. Ah! Ontem, fiz minha inscri\u00e7\u00e3o para trabalhar como t\u00e9cnica curricular, um processo seletivo interno no governo do estado. Se eu for chamada, trabalharei na Rep\u00fablica, vamos ver se consigo. De qualquer modo, vou iniciar mais uma p\u00f3s-gradua\u00e7\u00e3o em gest\u00e3o escolar para quando houver uma oportunidade. Tamb\u00e9m prestarei o concurso do estado para Professora de Atendimento Especializado &#8211; AEE, quando sair. Atualmente, eu sou professora efetiva de L\u00edngua Portuguesa. Eu teria de fazer um outro est\u00e1gio probat\u00f3rio, mas compensaria mesmo assim. Eu levo muito jeito com os estudantes eleg\u00edveis para a educa\u00e7\u00e3o especial, e eles gostam muito de mim. Al\u00e9m disso, meu sonho \u00e9 trabalhar 25 horas e poder fazer o mestrado e o doutorado, \u00e0 tarde. Longevidade n\u00e3o come\u00e7a quando envelhecemos. Come\u00e7a nas escolhas que fazemos enquanto ainda temos tempo para escolher. Os v\u00ednculos que cultivamos, a maneira como trabalhamos, cuidamos da mente e damos sentido aos dias tamb\u00e9m est\u00e3o construindo a pessoa que seremos daqui a d\u00e9cadas.<\/p>\n","protected":false},"author":1,"featured_media":0,"comment_status":"closed","ping_status":"closed","sticky":false,"template":"","format":"standard","meta":{"footnotes":""},"categories":[12],"tags":[],"class_list":["post-2606","post","type-post","status-publish","format-standard","hentry","category-projeto-cem-anos"],"_links":{"self":[{"href":"https:\/\/ritacruz.pro.br\/index.php?rest_route=\/wp\/v2\/posts\/2606","targetHints":{"allow":["GET"]}}],"collection":[{"href":"https:\/\/ritacruz.pro.br\/index.php?rest_route=\/wp\/v2\/posts"}],"about":[{"href":"https:\/\/ritacruz.pro.br\/index.php?rest_route=\/wp\/v2\/types\/post"}],"author":[{"embeddable":true,"href":"https:\/\/ritacruz.pro.br\/index.php?rest_route=\/wp\/v2\/users\/1"}],"replies":[{"embeddable":true,"href":"https:\/\/ritacruz.pro.br\/index.php?rest_route=%2Fwp%2Fv2%2Fcomments&post=2606"}],"version-history":[{"count":11,"href":"https:\/\/ritacruz.pro.br\/index.php?rest_route=\/wp\/v2\/posts\/2606\/revisions"}],"predecessor-version":[{"id":2627,"href":"https:\/\/ritacruz.pro.br\/index.php?rest_route=\/wp\/v2\/posts\/2606\/revisions\/2627"}],"wp:attachment":[{"href":"https:\/\/ritacruz.pro.br\/index.php?rest_route=%2Fwp%2Fv2%2Fmedia&parent=2606"}],"wp:term":[{"taxonomy":"category","embeddable":true,"href":"https:\/\/ritacruz.pro.br\/index.php?rest_route=%2Fwp%2Fv2%2Fcategories&post=2606"},{"taxonomy":"post_tag","embeddable":true,"href":"https:\/\/ritacruz.pro.br\/index.php?rest_route=%2Fwp%2Fv2%2Ftags&post=2606"}],"curies":[{"name":"wp","href":"https:\/\/api.w.org\/{rel}","templated":true}]}}